{"id":293,"date":"2019-02-25T15:25:30","date_gmt":"2019-02-25T15:25:30","guid":{"rendered":"http:\/\/vespeera.org\/?p=293"},"modified":"2023-09-13T09:25:46","modified_gmt":"2023-09-13T09:25:46","slug":"neue-termine-fuer-vespeera-schulungen-am-8-maerz-und-12-april-in-stuttgart","status":"publish","type":"post","link":"https:\/\/vespeera.org\/?p=293","title":{"rendered":"Neue Termine f\u00fcr VESPEERA-Schulungen am 8.M\u00e4rz und 12.April in Stuttgart"},"content":{"rendered":"<p>Interessierte Hausarztpraxen haben die M\u00f6glichkeit an VESPEERA-Schulungen teilzunehmen.<br \/>\nDie Schulungen finden am <strong>08.03.2019<\/strong> und am <strong>12.04.2019<\/strong> in Stuttgart statt.<\/p>\n<p>Die Anmeldung erfolgt unter der folgenden Adresse:<br \/>\nhttps:\/\/www.hausarzt-bw.de\/veranstaltungssuche<\/p>\n<p>Bei Fragen rund um die Schulungen und das Projekt VESPEERA wenden Sie sich an die Studienzentrale:<br \/>\ntelefonisch unter 06221 \/ 56 35559<br \/>\noder per Mail an vespeera.amed@med.uni-heidelberg.de<\/p>\n","protected":false},"excerpt":{"rendered":"<p>Interessierte Hausarztpraxen haben die M\u00f6glichkeit an VESPEERA-Schulungen teilzunehmen. Die Schulungen finden am 08.03.2019 und am 12.04.2019 in Stuttgart statt. Die Anmeldung erfolgt unter der folgenden Adresse: https:\/\/www.hausarzt-bw.de\/veranstaltungssuche Bei Fragen rund um die Schulungen und das Projekt VESPEERA wenden Sie sich an die Studienzentrale: telefonisch unter 06221 \/ 56 35559 oder per Mail an vespeera.amed@med.uni-heidelberg.de<\/p>\n","protected":false},"author":1,"featured_media":0,"comment_status":"closed","ping_status":"open","sticky":false,"template":"","format":"standard","meta":{"footnotes":""},"categories":[1],"tags":[],"class_list":["post-293","post","type-post","status-publish","format-standard","hentry","category-uncategorized"],"_links":{"self":[{"href":"https:\/\/vespeera.org\/index.php?rest_route=\/wp\/v2\/posts\/293","targetHints":{"allow":["GET"]}}],"collection":[{"href":"https:\/\/vespeera.org\/index.php?rest_route=\/wp\/v2\/posts"}],"about":[{"href":"https:\/\/vespeera.org\/index.php?rest_route=\/wp\/v2\/types\/post"}],"author":[{"embeddable":true,"href":"https:\/\/vespeera.org\/index.php?rest_route=\/wp\/v2\/users\/1"}],"replies":[{"embeddable":true,"href":"https:\/\/vespeera.org\/index.php?rest_route=%2Fwp%2Fv2%2Fcomments&post=293"}],"version-history":[{"count":2,"href":"https:\/\/vespeera.org\/index.php?rest_route=\/wp\/v2\/posts\/293\/revisions"}],"predecessor-version":[{"id":295,"href":"https:\/\/vespeera.org\/index.php?rest_route=\/wp\/v2\/posts\/293\/revisions\/295"}],"wp:attachment":[{"href":"https:\/\/vespeera.org\/index.php?rest_route=%2Fwp%2Fv2%2Fmedia&parent=293"}],"wp:term":[{"taxonomy":"category","embeddable":true,"href":"https:\/\/vespeera.org\/index.php?rest_route=%2Fwp%2Fv2%2Fcategories&post=293"},{"taxonomy":"post_tag","embeddable":true,"href":"https:\/\/vespeera.org\/index.php?rest_route=%2Fwp%2Fv2%2Ftags&post=293"}],"curies":[{"name":"wp","href":"https:\/\/api.w.org\/{rel}","templated":true}]}}